{"id":157,"date":"2021-05-19T18:57:53","date_gmt":"2021-05-19T18:57:53","guid":{"rendered":"https:\/\/www.torby.biz.pl\/?p=157"},"modified":"2021-05-19T18:58:11","modified_gmt":"2021-05-19T18:58:11","slug":"najpiekniejsze-miasta-w-polsce-czesc-1-2","status":"publish","type":"post","link":"https:\/\/www.torby.biz.pl\/?p=157","title":{"rendered":"Najpi\u0119kniejsze miasta w Polsce cz\u0119\u015b\u0107 2"},"content":{"rendered":"\n<h2 class=\"wp-block-heading\">Ciechan\u00f3w<\/h2>\n\n\n\n<p>Do literatury wprowadzi\u0142 Ciechan\u00f3w laureat Nagrody Nobla, Henryk Sienkiewicz, umieszczaj\u0105c jedn\u0105 z najwa\u017cniejszych scen Krzy\u017cak\u00f3w na dziedzi\u0144cu tutejszego zamku. Wprawdzie istniej\u0105ca dzi\u015b tam budowla nie by\u0142a jeszcze gotowa, ale ta wcze\u015bniejsza posadowiona w miejscu grodziska na Farskiej G\u00f3rze, tak\u017ce musia\u0142a by\u0107 godna pozycji ksi\u0105\u017c\u0119cej siedziby. Na Farskiej G\u00f3rze stoi pomnik legendarnego Cichana, kt\u00f3ry prawdopodobnie nie by\u0142 za\u0142o\u017cycielem miasta. Tu\u017c obok zachowa\u0142a si\u0119 fara wzniesiona na miejscu wcze\u015bniejszej drewnianej \u015bwi\u0105tyni. Jej wn\u0119trze by\u0142o dwukrotnie niszczone, najpierw \u017co\u0142nierze napoleo\u0144scy spalili ca\u0142e wyposa\u017cenie w piecach piekarniczych, a p\u00f3\u017aniej podczas I wojny \u015bwiatowe Niemcy urz\u0105dzili sobie tam szpital. Po drugiej stronie ulicy wznosi si\u0119 XIV wieczny ko\u015bci\u00f3\u0142 poaugusty\u0144ski\u00a0 kilkakrotnie niszczony podczas II wojny \u015bwiatowej. Na drugim ko\u0144cu centralnej cz\u0119\u015bci Ciechanowa odnale\u017a\u0107 mo\u017cna pozosta\u0142e zabytki miasta XIX wieczny ratusz i zachowany cz\u0119\u015bciowo gotycki zamek ksi\u0105\u017c\u0105t mazowieckich. Wzniesiony na planie prostok\u0105ta przez mistrza imieniem Nicolas, s\u0142u\u017cy\u0142 w\u0142adcom dzielnicy a\u017c do czasu inkorporacji Mazowsza do Korony, a nast\u0119pnie by\u0142 w\u0142asno\u015bci\u0105 m.in. kr\u00f3lowej Bony. Do dzi\u015b zachowa\u0142y si\u0119 wszystkie budowle za czas\u00f3w wojny.<\/p>\n\n\n\n<!--more-->\n\n\n\n<figure class=\"wp-block-image size-large\"><a href=\"https:\/\/www.torby.biz.pl\/wp-content\/uploads\/2021\/05\/cieszyn.jpg\"><img loading=\"lazy\" decoding=\"async\" width=\"1024\" height=\"678\" src=\"https:\/\/www.torby.biz.pl\/wp-content\/uploads\/2021\/05\/cieszyn-1024x678.jpg\" alt=\"\" class=\"wp-image-159\" srcset=\"https:\/\/www.torby.biz.pl\/wp-content\/uploads\/2021\/05\/cieszyn-1024x678.jpg 1024w, https:\/\/www.torby.biz.pl\/wp-content\/uploads\/2021\/05\/cieszyn-300x199.jpg 300w, https:\/\/www.torby.biz.pl\/wp-content\/uploads\/2021\/05\/cieszyn-768x508.jpg 768w, https:\/\/www.torby.biz.pl\/wp-content\/uploads\/2021\/05\/cieszyn-200x132.jpg 200w, https:\/\/www.torby.biz.pl\/wp-content\/uploads\/2021\/05\/cieszyn.jpg 1280w\" sizes=\"auto, (max-width: 1024px) 100vw, 1024px\" \/><\/a><\/figure>\n\n\n\n<h2 class=\"wp-block-heading\">Cieszyn<\/h2>\n\n\n\n<p>Ko\u0142owo-kolejowe przej\u015bcie graniczne usytuowane w bramie Morawskiej nad Olz\u0105 jest najwa\u017cniejszym na po\u0142udniu Polski. Cho\u0107 miasto liczy zaledwie 38 tysi\u0119cy mieszka\u0144c\u00f3w, szacuje si\u0119, \u017ce rocznie oko\u0142o 20 milion\u00f3w os\u00f3b udaje si\u0119 przez nie do naszych po\u0142udniowych s\u0105siad\u00f3w. Cieszyn pozostaje tak\u017ce znacz\u0105cym o\u015brodkiem przemys\u0142owym. Nie tylko s\u0142odkie \u201eprince polo jest jego wizyt\u00f3wk\u0105. Fioletowa krowa z czekolady \u201eMilka\u2019 trafia st\u0105d do \u0142akomczuch\u00f3w w ca\u0142ej Polsce, bowiem udzia\u0142owcem s\u0142ynnych zak\u0142ad\u00f3w Cukierniczych \u201eOlza\u201d jest \u015bwiatowy potentat. Nowoczesny przemys\u0142 reprezentuje tak\u017ce fabryka Polifarb Cieszyn- Wroc\u0142aw s.a oraz zak\u0142ady bran\u017cy elektrotechnicznej. R\u00f3wnie bogate s\u0105 osi\u0105gni\u0119cia miasta w dziedzinie kultury- opr\u00f3cz muzeum dzia\u0142a tu Teatr im. Adama Mickiewicza , towarzystwo pod nazw\u0105 Macierz Ziemi Cieszy\u0144skiej i Ksi\u0105\u017cnica Cieszy\u0144ska. Du\u017ce tradycje ma Zesp\u00f3\u0142 Pie\u015bni i ta\u0144ca Ziemi Cieszy\u0144skiej. Znajduje si\u0119 tu tak\u017ce filia Uniwersytetu \u015al\u0105skiego. W Cieszynie warto zatrzyma\u0107 si\u0119 nie tylko na odpraw\u0119 graniczn\u0105, ale r\u00f3wnie\u017c po to , by obejrze\u0107 wspania\u0142e zabytki z r\u00f3\u017cnych epok, \u015bwiadcz\u0105ce o jego znaczeniu i zamo\u017cno\u015bci w kolejnych etapach dziej\u00f3w. Historyczna cz\u0119\u015b\u0107 miasta znajduje si\u0119 na terenie Polski. Styl roma\u0144ski w architekturze reprezentuje kamienna kaplica w kszta\u0142cie rotundy, okres gotycki \u2013 wie\u017ca zamkowa i ko\u015bci\u00f3\u0142 szpitalny \u015bw. Jerzego. Miasto pod wzgl\u0119dem turystycznym jest bardzo interesuj\u0105ce. Miesi\u0119cznie odwiedza je oko\u0142o 100 tys. Turyst\u00f3w.<\/p>\n\n\n\n<figure class=\"wp-block-image size-large\"><a href=\"https:\/\/www.torby.biz.pl\/wp-content\/uploads\/2021\/05\/czestochowa.jpg\"><img loading=\"lazy\" decoding=\"async\" width=\"1024\" height=\"682\" src=\"https:\/\/www.torby.biz.pl\/wp-content\/uploads\/2021\/05\/czestochowa-1024x682.jpg\" alt=\"\" class=\"wp-image-160\" srcset=\"https:\/\/www.torby.biz.pl\/wp-content\/uploads\/2021\/05\/czestochowa-1024x682.jpg 1024w, https:\/\/www.torby.biz.pl\/wp-content\/uploads\/2021\/05\/czestochowa-300x200.jpg 300w, https:\/\/www.torby.biz.pl\/wp-content\/uploads\/2021\/05\/czestochowa-768x512.jpg 768w, https:\/\/www.torby.biz.pl\/wp-content\/uploads\/2021\/05\/czestochowa-200x133.jpg 200w, https:\/\/www.torby.biz.pl\/wp-content\/uploads\/2021\/05\/czestochowa.jpg 1280w\" sizes=\"auto, (max-width: 1024px) 100vw, 1024px\" \/><\/a><\/figure>\n\n\n\n<h2 class=\"wp-block-heading\">Cz\u0119stochowa<\/h2>\n\n\n\n<p>Cz\u0119stochowa otrzyma\u0142a prawa miejskie w 1356 roku a mniejsza Cz\u0119stochowa dopiero w 1717 roku z okazji wielkich uroczysto\u015bci koronacji obrazu jasnog\u00f3rskiego. 101 lat p\u00f3\u017aniej wytyczono alej\u0119 naj\u015bwi\u0119tszej Marii Panny \u0142\u0105cz\u0105ca oba miasta, za\u015b ich formalne po\u0142\u0105czenie nast\u0105pi\u0142o dopiero w roku 1826. Po 20 latach do Cz\u0119stochowy przyby\u0142 pierwszy poci\u0105g z Warszawy. Zdarzenie to zapocz\u0105tkowa\u0142o rozw\u00f3j przemys\u0142u w mie\u015bcie.. W roku 1902 uruchomiono Hut\u0119 \u201eCz\u0119stochowa\u201d, rozbudowano zar\u00f3wno w okresie mi\u0119dzywojennym , jak i po wojnie. Tradycje XIX wieczne maj\u0105 liczne zak\u0142ady przemys\u0142u w\u0142\u00f3kienniczego i metalowego. W latach 80 XX wieku 260 tysi\u0119czne miasto sta\u0142o si\u0119 jednym z wi\u0119kszych centr\u00f3w gospodarczych Polski, daj\u0105c zatrudnienie ponad 50 tysi\u0105com os\u00f3b. Z dawnych czas\u00f3w pozosta\u0142o wiele cennych zabytk\u00f3w przede wszystkim sakralnych. Wok\u00f3\u0142 XIV wiecznego ko\u015bcio\u0142a \u015bw. Zygmunta powsta\u0142a \u015bredniowieczna osada handlowa. Neogotycka bazylika archikatedralna \u015awi\u0119tej rodziny nale\u017cy do najwi\u0119kszych \u015bwi\u0105ty\u0144 w Polsce, za\u015b r\u00f3wnocze\u015bnie wybudowana cerkiew \u015awi\u0119tych Cyryla i Metodego pe\u0142ni funkcj\u0119 katolickiego ko\u015bcio\u0142a \u015bw. Jakuba. Przy barokowym ko\u015bciele \u015bwi\u0119tych Andrzeja i Barbary, w miejscu gdzie husyci i porzucili sprofanowany obraz jasnog\u00f3rski, pielgrzymi czerpi\u0105 wod\u0119 z cudownego \u017ar\u00f3de\u0142ka. Warto przyjecha\u0107 do Cz\u0119stochowy, w celach religijnych.<\/p>\n\n\n\n<figure class=\"wp-block-image size-large\"><a href=\"https:\/\/www.torby.biz.pl\/wp-content\/uploads\/2021\/05\/Lublin.jpg\"><img loading=\"lazy\" decoding=\"async\" width=\"1024\" height=\"682\" src=\"https:\/\/www.torby.biz.pl\/wp-content\/uploads\/2021\/05\/Lublin-1024x682.jpg\" alt=\"\" class=\"wp-image-161\" srcset=\"https:\/\/www.torby.biz.pl\/wp-content\/uploads\/2021\/05\/Lublin-1024x682.jpg 1024w, https:\/\/www.torby.biz.pl\/wp-content\/uploads\/2021\/05\/Lublin-300x200.jpg 300w, https:\/\/www.torby.biz.pl\/wp-content\/uploads\/2021\/05\/Lublin-768x512.jpg 768w, https:\/\/www.torby.biz.pl\/wp-content\/uploads\/2021\/05\/Lublin-200x133.jpg 200w, https:\/\/www.torby.biz.pl\/wp-content\/uploads\/2021\/05\/Lublin.jpg 1280w\" sizes=\"auto, (max-width: 1024px) 100vw, 1024px\" \/><\/a><\/figure>\n\n\n\n<h2 class=\"wp-block-heading\">Lublin<\/h2>\n\n\n\n<p>Lublin to miasto po\u0142o\u017cone na wschodniej cz\u0119\u015bci Polski. W wojew\u00f3dztwie lubelskim, niedaleko granicy. Lublin jest miastem \u015bredniej wielko\u015bci w Polsce, przewa\u017cnie \u015brednio ka\u017cd\u0105 dzielnice zamieszkuje w nim 20 tysi\u0119cy ludzi, gdzie w warszawie oko\u0142o 40 tysi\u0119cy. Lublin jak ka\u017cde inne miasto jest w\u0142a\u015bnie podzielony na dzielnic\u0119. Jako tak\u0105 najnowsz\u0105 dzielnic\u0105 jest Praga. Mieszka tam ponad 20 tysi\u0119cy mieszka\u0144c\u00f3w. Lublin jest pi\u0119knym miastem, b\u0119d\u0105c w lublinie warto odwiedzi\u0107 stare miasto. Je\u017celi chcemy dozna\u0107 rozrywki bardzo polecam odwiedzi\u0107 plaz\u0119. Je\u015bli chodzi o supermarkety w lublinie jest spora ilo\u015b\u0107. Znajduj\u0119 si\u0119 tam najwi\u0119ksza i najbardziej znana na ca\u0142\u0105 Polsk\u0119 sie\u0107 sklep\u00f3w dla firm, \u201emakro\u201d. Aby wej\u015b\u0107 do takiego sklepu, makro musimy mie\u0107 najpierw kart\u0119. Aby j\u0105 otrzyma\u0107, wyrobi\u0107 musimy z\u0142o\u017cy\u0107 odpowiedni wniosek ale warunkiem jest to i\u017c mamy swoj\u0105 dzia\u0142alno\u015b\u0107. Polska to g\u0142upi kraj i niestety trzeba si\u0119 jeszcze bawi\u0107 w takie rzeczy, lecz z czasem moda z zachodu zawita i do nas i to wycofaj\u0105. W lublinie spotkamy tak\u017ce Real, carrfur, Biedronk\u0119 , jest ich kilka, lider price, lidl, topaz i mn\u00f3stwo innych sklep\u00f3w. W zim\u0119 warto wybra\u0107 si\u0119 na \u0142y\u017cwy, oraz narty poniewa\u017c znajduj\u0119 si\u0119 tam ma\u0142y wyci\u0105g. Lublin obecnie jest w miar\u0119 cz\u0119sto i regularnie odwiedzany przez turyst\u00f3w.<\/p>\n","protected":false},"excerpt":{"rendered":"<p>Ciechan\u00f3w Do literatury wprowadzi\u0142 Ciechan\u00f3w laureat Nagrody Nobla, Henryk Sienkiewicz, umieszczaj\u0105c jedn\u0105 z najwa\u017cniejszych scen Krzy\u017cak\u00f3w na dziedzi\u0144cu tutejszego zamku. Wprawdzie istniej\u0105ca dzi\u015b tam budowla nie by\u0142a jeszcze gotowa, ale ta wcze\u015bniejsza posadowiona w miejscu grodziska na Farskiej G\u00f3rze, tak\u017ce musia\u0142a by\u0107 godna pozycji ksi\u0105\u017c\u0119cej siedziby. Na Farskiej G\u00f3rze stoi pomnik legendarnego Cichana, kt\u00f3ry prawdopodobnie [&hellip;]<\/p>\n","protected":false},"author":1,"featured_media":158,"comment_status":"open","ping_status":"open","sticky":false,"template":"","format":"standard","meta":{"footnotes":""},"categories":[3],"tags":[],"class_list":["post-157","post","type-post","status-publish","format-standard","has-post-thumbnail","hentry","category-miasta"],"_links":{"self":[{"href":"https:\/\/www.torby.biz.pl\/index.php?rest_route=\/wp\/v2\/posts\/157","targetHints":{"allow":["GET"]}}],"collection":[{"href":"https:\/\/www.torby.biz.pl\/index.php?rest_route=\/wp\/v2\/posts"}],"about":[{"href":"https:\/\/www.torby.biz.pl\/index.php?rest_route=\/wp\/v2\/types\/post"}],"author":[{"embeddable":true,"href":"https:\/\/www.torby.biz.pl\/index.php?rest_route=\/wp\/v2\/users\/1"}],"replies":[{"embeddable":true,"href":"https:\/\/www.torby.biz.pl\/index.php?rest_route=%2Fwp%2Fv2%2Fcomments&post=157"}],"version-history":[{"count":2,"href":"https:\/\/www.torby.biz.pl\/index.php?rest_route=\/wp\/v2\/posts\/157\/revisions"}],"predecessor-version":[{"id":163,"href":"https:\/\/www.torby.biz.pl\/index.php?rest_route=\/wp\/v2\/posts\/157\/revisions\/163"}],"wp:featuredmedia":[{"embeddable":true,"href":"https:\/\/www.torby.biz.pl\/index.php?rest_route=\/wp\/v2\/media\/158"}],"wp:attachment":[{"href":"https:\/\/www.torby.biz.pl\/index.php?rest_route=%2Fwp%2Fv2%2Fmedia&parent=157"}],"wp:term":[{"taxonomy":"category","embeddable":true,"href":"https:\/\/www.torby.biz.pl\/index.php?rest_route=%2Fwp%2Fv2%2Fcategories&post=157"},{"taxonomy":"post_tag","embeddable":true,"href":"https:\/\/www.torby.biz.pl\/index.php?rest_route=%2Fwp%2Fv2%2Ftags&post=157"}],"curies":[{"name":"wp","href":"https:\/\/api.w.org\/{rel}","templated":true}]}}