{"id":175,"date":"2022-07-03T17:01:24","date_gmt":"2022-07-03T17:01:24","guid":{"rendered":"https:\/\/www.torby.biz.pl\/?p=175"},"modified":"2022-07-03T17:01:24","modified_gmt":"2022-07-03T17:01:24","slug":"katedra-w-chartres-franacja","status":"publish","type":"post","link":"https:\/\/www.torby.biz.pl\/?p=175","title":{"rendered":"Katedra w Chartres &#8211; Franacja"},"content":{"rendered":"\n<p>Katedra Naj\u015bwi\u0119tszej Marii Panny w Chartres jest jednym z najwi\u0119kszych osi\u0105gni\u0119\u0107 kultury gotyckiej i \u015bredniowiecznej cywilizacji chrze\u015bcija\u0144skiej. Ko\u015bci\u00f3\u0142 wznosi si\u0119 ponad miastem w miejscu kt\u00f3re uwa\u017cano za \u015bwi\u0119te d\u0142ugo przed nadej\u015bciem chrze\u015bcija\u0144stwa. <\/p>\n\n\n\n<!--more-->\n\n\n\n<p>W czasach rzymskich i jeszcze przedtem istnia\u0142o tutaj wa\u017cne poga\u0144skie sanktuarium celtyckie. Krypta katedry, najwi\u0119ksza we Francji, stoi rzekomo na jego miejscu. Jeszcze w XVII wieku w katedrze znajdowa\u0142a si\u0119 g\u0142\u0119boko czczona drewniania figura wyobra\u017caj\u0105ca brzemienn\u0105 Madonn\u0119. Uwa\u017cano, \u017ce rze\u017aba ta pochodzi\u0142a jeszcze z czas\u00f3w poga\u0144skich. M\u00f3g\u0142 to by\u0107 wizerunek celtyckiej bogini matki, przyswojonej p\u00f3\u017aniej chrze\u015bcija\u0144stwu, Figur\u0119 spalono podczas Rewolucji Francuskiej. Kolejne ko\u015bcio\u0142y, budowane tutaj mniej wi\u0119cej od roku 250, niszczy\u0142y po\u017cary, a\u017c w roku 1194 spali\u0142 si\u0119 prawie ca\u0142y budynek, z wyj\u0105tkiem zachodniego frontonu i krypty. Zn\u00f3w ko\u015bci\u00f3\u0142 podnoszono z popio\u0142\u00f3w. W\u0142a\u015bnie t\u0119 budowl\u0119, konsekrowan\u0105 w roku 1260, ogl\u0105daj\u0105 tera\u017aniejsi tury\u015bci. Dwie 90 metrowe iglice przykuwaj\u0105 wzrok po zachodniej stronie katedry. Ni\u017csza i prostsza pochodzi z lat trzydziestych XIII wieku a wy\u017csza i bardziej wyszukana z roku 1513. Poni\u017cej znajduj\u0105 si\u0119 trzy wielkie portale fasady zachodniej i mn\u00f3stwo dwunastowiecznych rze\u017ab z Chrystusem w Chwale po\u015brodku, Okr\u0105g\u0142e okno tzw. Rozeta, wyobra\u017ca s\u0105d ostateczny. <\/p>\n\n\n\n<p>Wej\u015bcia do transeptu p\u00f3\u0142nocnego i po\u0142udniowego s\u0105 ozdobione trzynastowiecznymi rze\u017abami. Wewn\u0105trz i na zewn\u0105trz katedry znajduje si\u0119 og\u00f3\u0142em ponad 10 tysi\u0119cy rze\u017ab z kamienia i szk\u0142a. Katedra s\u0142ynie zw\u0142aszcza ze wspania\u0142ych witra\u017cy, kt\u00f3re zajmuj\u0105 razem blisko 200 metr\u00f3w kwadratowych, w kt\u00f3rych wbudowane s\u0105 cudownie ceg\u0142y, g\u0142\u0119boki b\u0142\u0119kit urzeka swym pi\u0119knem w promieniach s\u0142onecznych. Wyj\u0105tkowo du\u017ce, imponuj\u0105ce rozety znajduj\u0105 si\u0119 w p\u00f3\u0142nocnym i po\u0142udniowym transepcie. Innym skarbem jest dwunastowieczny witra\u017c znany jako Nore dame. Niedawno poddano je zabiegom, kt\u00f3re wyleczy\u0142y tajemnicz\u0105 chorob\u0119 tocz\u0105c\u0105 stare szk\u0142o. Na pod\u0142odze nawy zaznaczono labirynt, prawdopodobnie jest on przeznaczony dla pokutnik\u00f3w, aby kl\u0119cz\u0105c cierpi\u0105c w cierpieniu mogli zbli\u017cy\u0107 si\u0119 ku Bogu. Olbrzymia \u015bciana dziel\u0105ca ch\u00f3r przedstawia 40 scen z \u017cycia Naj\u015bwi\u0119tszej Dziewicy i Chrystusa. Prace przy niej, rozpocz\u0119te w roku 1514, trwa\u0142y blisko 200 lat. Pielgrzymi i tury\u015bci nap\u0142ywaj\u0105 t\u0142umnie do Chartres przez ca\u0142e stulecia. Opr\u00f3cz starodawnej drewnianej figury Dziewicy w katedrze znajdowa\u0142a ci\u0119g\u0142owa \u015b1). Anny oraz przechowywana w relikwiarzy s\u0142ynna koszula, kt\u00f3ra mia\u0142a okrywa\u0107 cia\u0142o dziewicy w czasie porodu. Katedr\u0119 t\u0119 mo\u017cemy zwiedza\u0107 w godzinach od 8 \u2013 18. Bilety s\u0105 praktycznie za bez cen. Ich koszt wynosi 10 euro.<\/p>\n","protected":false},"excerpt":{"rendered":"<p>Katedra Naj\u015bwi\u0119tszej Marii Panny w Chartres jest jednym z najwi\u0119kszych osi\u0105gni\u0119\u0107 kultury gotyckiej i \u015bredniowiecznej cywilizacji chrze\u015bcija\u0144skiej. Ko\u015bci\u00f3\u0142 wznosi si\u0119 ponad miastem w miejscu kt\u00f3re uwa\u017cano za \u015bwi\u0119te d\u0142ugo przed nadej\u015bciem chrze\u015bcija\u0144stwa.<\/p>\n","protected":false},"author":1,"featured_media":176,"comment_status":"open","ping_status":"open","sticky":false,"template":"","format":"standard","meta":{"footnotes":""},"categories":[3],"tags":[],"class_list":["post-175","post","type-post","status-publish","format-standard","has-post-thumbnail","hentry","category-miasta"],"_links":{"self":[{"href":"https:\/\/www.torby.biz.pl\/index.php?rest_route=\/wp\/v2\/posts\/175","targetHints":{"allow":["GET"]}}],"collection":[{"href":"https:\/\/www.torby.biz.pl\/index.php?rest_route=\/wp\/v2\/posts"}],"about":[{"href":"https:\/\/www.torby.biz.pl\/index.php?rest_route=\/wp\/v2\/types\/post"}],"author":[{"embeddable":true,"href":"https:\/\/www.torby.biz.pl\/index.php?rest_route=\/wp\/v2\/users\/1"}],"replies":[{"embeddable":true,"href":"https:\/\/www.torby.biz.pl\/index.php?rest_route=%2Fwp%2Fv2%2Fcomments&post=175"}],"version-history":[{"count":1,"href":"https:\/\/www.torby.biz.pl\/index.php?rest_route=\/wp\/v2\/posts\/175\/revisions"}],"predecessor-version":[{"id":177,"href":"https:\/\/www.torby.biz.pl\/index.php?rest_route=\/wp\/v2\/posts\/175\/revisions\/177"}],"wp:featuredmedia":[{"embeddable":true,"href":"https:\/\/www.torby.biz.pl\/index.php?rest_route=\/wp\/v2\/media\/176"}],"wp:attachment":[{"href":"https:\/\/www.torby.biz.pl\/index.php?rest_route=%2Fwp%2Fv2%2Fmedia&parent=175"}],"wp:term":[{"taxonomy":"category","embeddable":true,"href":"https:\/\/www.torby.biz.pl\/index.php?rest_route=%2Fwp%2Fv2%2Fcategories&post=175"},{"taxonomy":"post_tag","embeddable":true,"href":"https:\/\/www.torby.biz.pl\/index.php?rest_route=%2Fwp%2Fv2%2Ftags&post=175"}],"curies":[{"name":"wp","href":"https:\/\/api.w.org\/{rel}","templated":true}]}}