{"id":8,"date":"2012-03-04T21:53:32","date_gmt":"2012-03-04T21:53:32","guid":{"rendered":"http:\/\/www.torby.biz.pl\/?p=8"},"modified":"2012-03-04T21:53:32","modified_gmt":"2012-03-04T21:53:32","slug":"plecak-i-torba-tez-moga-byc-eleganckie","status":"publish","type":"post","link":"https:\/\/www.torby.biz.pl\/?p=8","title":{"rendered":"Plecak i torba te\u017c mog\u0105 by\u0107 eleganckie"},"content":{"rendered":"<p><img loading=\"lazy\" decoding=\"async\" class=\"alignleft size-full wp-image-10\" title=\"plecak\" src=\"http:\/\/www.torby.biz.pl\/wp-content\/uploads\/2012\/03\/plecak03.jpg\" alt=\"plecak\" width=\"150\" height=\"150\" \/>Je\u015bli chcemy zdecydowa\u0107 si\u0119 na kupno plecaka, ale nie takiego wycieczkowego lecz bardziej miejskiego, powinni\u015bmy te\u017c zwr\u00f3ci\u0107 uwag\u0119 na jego wzornictwo. Dzisiaj <strong>plecak<\/strong> wcale nie musi by\u0107 nieelegancki, mo\u017ce on sta\u0107 si\u0119 w zwi\u0105zku z tym ciekawym dodatkiem nawet do bardziej stylowego zestawu ubra\u0144. <!--more-->W miastach mo\u017cna cz\u0119sto zobaczy\u0107 biznesmen\u00f3w, szczeg\u00f3lnie m\u0142odszych m\u0119\u017cczyzn z plecakami, wi\u0119c jest to taka forma torby, kt\u00f3ra dzi\u0119ki swojej wygodzie sta\u0142\u0105 si\u0119 nawet dobrym kompanem garnitur\u00f3w. Je\u015bli poszukujemy eleganckiego plecaka, kt\u00f3ry jednocze\u015bnie b\u0119dzie te\u017c lekki oraz komfortowy w u\u017cyciu, powinni\u015bmy patrze\u0107 na te wykonywane z materia\u0142\u00f3w takich jak cordura. Jest to tkanina, kt\u00f3ra jest wytrzyma\u0142a, a przy tym te\u017c mo\u017ce by\u0107 elegancka, zak\u0142adaj\u0105c oczywi\u015bcie, \u017ce<strong> plecak<\/strong> sam w sobie b\u0119dzie mia\u0142 stylowy wygl\u0105d.<\/p>\n<p>Najlepiej prezentuj\u0105 si\u0119 takie modele, kt\u00f3re wykonane s\u0105 jako jednolite kolorystycznie, na przyk\u0142ad czarne czy szare. Ka\u017cdy ma jednak inn\u0105 definicj\u0119 stylu oraz sw\u00f3j unikatowy gust, wi\u0119c warto poprzegl\u0105da\u0107 r\u00f3\u017cne propozycje w sklepach, by znale\u017a\u0107 dla siebie co\u015b ciekawego. Kobiety tak\u017ce maj\u0105 przy tym ogromny wyb\u00f3r plecak\u00f3w. <strong>Torby<\/strong> te sta\u0142y si\u0119 w ostatnim czasie modne, wi\u0119c i w sklepach mo\u017cna trafi\u0107 na wiele interesuj\u0105cych propozycji. Plecak zatem wcale nie musi by\u0107 nieelegancki!<\/p>\n","protected":false},"excerpt":{"rendered":"<p>Je\u015bli chcemy zdecydowa\u0107 si\u0119 na kupno plecaka, ale nie takiego wycieczkowego lecz bardziej miejskiego, powinni\u015bmy te\u017c zwr\u00f3ci\u0107 uwag\u0119 na jego wzornictwo. Dzisiaj plecak wcale nie musi by\u0107 nieelegancki, mo\u017ce on sta\u0107 si\u0119 w zwi\u0105zku z tym ciekawym dodatkiem nawet do bardziej stylowego zestawu ubra\u0144.<\/p>\n","protected":false},"author":1,"featured_media":0,"comment_status":"open","ping_status":"open","sticky":false,"template":"","format":"standard","meta":{"footnotes":""},"categories":[1],"tags":[],"class_list":["post-8","post","type-post","status-publish","format-standard","hentry","category-uncategorized"],"_links":{"self":[{"href":"https:\/\/www.torby.biz.pl\/index.php?rest_route=\/wp\/v2\/posts\/8","targetHints":{"allow":["GET"]}}],"collection":[{"href":"https:\/\/www.torby.biz.pl\/index.php?rest_route=\/wp\/v2\/posts"}],"about":[{"href":"https:\/\/www.torby.biz.pl\/index.php?rest_route=\/wp\/v2\/types\/post"}],"author":[{"embeddable":true,"href":"https:\/\/www.torby.biz.pl\/index.php?rest_route=\/wp\/v2\/users\/1"}],"replies":[{"embeddable":true,"href":"https:\/\/www.torby.biz.pl\/index.php?rest_route=%2Fwp%2Fv2%2Fcomments&post=8"}],"version-history":[{"count":2,"href":"https:\/\/www.torby.biz.pl\/index.php?rest_route=\/wp\/v2\/posts\/8\/revisions"}],"predecessor-version":[{"id":12,"href":"https:\/\/www.torby.biz.pl\/index.php?rest_route=\/wp\/v2\/posts\/8\/revisions\/12"}],"wp:attachment":[{"href":"https:\/\/www.torby.biz.pl\/index.php?rest_route=%2Fwp%2Fv2%2Fmedia&parent=8"}],"wp:term":[{"taxonomy":"category","embeddable":true,"href":"https:\/\/www.torby.biz.pl\/index.php?rest_route=%2Fwp%2Fv2%2Fcategories&post=8"},{"taxonomy":"post_tag","embeddable":true,"href":"https:\/\/www.torby.biz.pl\/index.php?rest_route=%2Fwp%2Fv2%2Ftags&post=8"}],"curies":[{"name":"wp","href":"https:\/\/api.w.org\/{rel}","templated":true}]}}